{"id":7857,"date":"2024-09-20T16:29:59","date_gmt":"2024-09-20T14:29:59","guid":{"rendered":"http:\/\/Abjakultuurimaja.ee\/uus\/?p=7857"},"modified":"2024-09-20T16:29:59","modified_gmt":"2024-09-20T14:29:59","slug":"mangufilm-emalovi","status":"publish","type":"post","link":"http:\/\/Abjakultuurimaja.ee\/uus\/mangufilm-emalovi\/","title":{"rendered":"M\u00e4ngufilm &#8220;Emal\u00f5vi&#8221;"},"content":{"rendered":"\n<figure class=\"wp-block-image size-medium\"><a href=\"http:\/\/abjakultuurimaja.ee\/uus\/wp-content\/uploads\/2024\/09\/Emalovi.jpg\"><img decoding=\"async\" loading=\"lazy\" width=\"212\" height=\"300\" src=\"http:\/\/abjakultuurimaja.ee\/uus\/wp-content\/uploads\/2024\/09\/Emalovi-212x300.jpg\" alt=\"\" class=\"wp-image-7854\" srcset=\"http:\/\/abjakultuurimaja.ee\/uus\/wp-content\/uploads\/2024\/09\/Emalovi-212x300.jpg 212w, http:\/\/abjakultuurimaja.ee\/uus\/wp-content\/uploads\/2024\/09\/Emalovi.jpg 561w\" sizes=\"(max-width: 212px) 100vw, 212px\" \/><\/a><\/figure>\n\n\n\n<p>Helena (Katariina Unt) on j\u00f5uline ja t\u00f5hus naine, kogenud kiirbiarst, kellele elu praktiliste pisiasjadega toimetulek raskusi ei valmista. Oma t\u00f6\u00f6 t\u00f5ttu on Helena h\u00e4sti kursis ka sellega, mis toimub suletud uste taga ja \u00f6\u00f6pimeduse varjus. Aga see, et ta on emana oma t\u00fctre Stefi (Teele Piibemann) juba ammu emotsionaalselt h\u00fcljanud, j\u00e4\u00e4b m\u00e4rkamatuks.<\/p>\n\n\n\n<p>Sel s\u00fcgisel teeb nutikas aga \u00fcksildane 15-aastane Stefi teoks iga ema \u00f5udusunen\u00e4o. T\u00fcdruk ajab juuksed maha, ei k\u00e4i enam koolis, ei tule \u00f6\u00f6seks koju ning tagatipuks satub uue s\u00f5branna Marianni \u00f5hutusel v\u00e4givaldsesse noortej\u00f5uku, kust ei puudu ei narkootikumid, julm manipulatsioon ega k\u00fcberkius. Helena veedab p\u00e4evad hirmu tundes ja \u00f6\u00f6d Stefit oodates ja otsides. \u00dcheksa-aastane Sander leinab taga oma k\u00f5ige kallimat m\u00e4ngukaaslast, oma \u201evanamoodi\u201c \u00f5de ja kannatab vanemate t\u00e4helepanupuuduse all. Abikaasa Kaarel j\u00e4\u00e4b kahe tule vahele \u2013 ta p\u00fc\u00fcab naiivse jonnakusega kinni hoida usalduse riismetest, samas peab ta alla neelama j\u00e4rjest kibedamat pettumust.<\/p>\n\n\n\n<p>Kui Stefi satub karmi \u00fcledoosiga haiglasse, valmib Helenal meeleheitlik, isegi hullumeelne plaan. Ta kavatseb t\u00fctre k\u00f5igi eest salaja r\u00f6\u00f6vida ja vangistada perekonna vanasse suvilasse. K\u00e4ia Stefit iga p\u00e4ev vaatamas, teha talle sooja toitu ja loota, et \u0161okivangistus toimib.<\/p>\n\n\n\n<p>Aga k\u00f5ik ei l\u00e4he sugugi plaanip\u00e4raselt. S\u00fcndmuste ootamatu k\u00e4ik vangistab Helena kuhugi reaalsuse ja lootuste vahealasse ning sunnib naist peeglisse vaatama ja oma emaarmastust l\u00f5plikult \u00fcmber m\u00f5testama.<\/p>\n\n\n\n<p>Stsenarist-re\u017eiss\u00f6\u00f6r Liina Tri\u0161kina Vanhatalo, operaator Erik P\u00f5llumaa, kunstnik Laura Di\u0161lere, kost\u00fc\u00fcmikunstnik Liis Plato, grimmikunstnik Zane \u017dilinska, produtsent Ivo Felt, kaasprodutsendid Sebastian Weyland, Guntis Tekteris.<\/p>\n\n\n\n<p>Osades Katariina Unt, Teele Piibemann, Ivo Uukkivi, Margo Teder jne.<\/p>\n\n\n\n<p>Pilet 6.-\/5.-<\/p>\n","protected":false},"excerpt":{"rendered":"<p>Helena (Katariina Unt) on j\u00f5uline ja t\u00f5hus naine, kogenud kiirbiarst, kellele elu praktiliste pisiasjadega toimetulek raskusi ei valmista. Oma t\u00f6\u00f6 t\u00f5ttu on Helena h\u00e4sti kursis ka sellega, mis toimub suletud uste taga ja \u00f6\u00f6pimeduse varjus. Aga see, et ta on emana oma t\u00fctre Stefi (Teele Piibemann) juba ammu emotsionaalselt h\u00fcljanud, j\u00e4\u00e4b m\u00e4rkamatuks. Sel s\u00fcgisel teeb [&hellip;]<\/p>\n","protected":false},"author":4,"featured_media":0,"comment_status":"closed","ping_status":"closed","sticky":false,"template":"","format":"standard","meta":[],"categories":[6],"tags":[],"_links":{"self":[{"href":"http:\/\/Abjakultuurimaja.ee\/uus\/wp-json\/wp\/v2\/posts\/7857"}],"collection":[{"href":"http:\/\/Abjakultuurimaja.ee\/uus\/wp-json\/wp\/v2\/posts"}],"about":[{"href":"http:\/\/Abjakultuurimaja.ee\/uus\/wp-json\/wp\/v2\/types\/post"}],"author":[{"embeddable":true,"href":"http:\/\/Abjakultuurimaja.ee\/uus\/wp-json\/wp\/v2\/users\/4"}],"replies":[{"embeddable":true,"href":"http:\/\/Abjakultuurimaja.ee\/uus\/wp-json\/wp\/v2\/comments?post=7857"}],"version-history":[{"count":1,"href":"http:\/\/Abjakultuurimaja.ee\/uus\/wp-json\/wp\/v2\/posts\/7857\/revisions"}],"predecessor-version":[{"id":7858,"href":"http:\/\/Abjakultuurimaja.ee\/uus\/wp-json\/wp\/v2\/posts\/7857\/revisions\/7858"}],"wp:attachment":[{"href":"http:\/\/Abjakultuurimaja.ee\/uus\/wp-json\/wp\/v2\/media?parent=7857"}],"wp:term":[{"taxonomy":"category","embeddable":true,"href":"http:\/\/Abjakultuurimaja.ee\/uus\/wp-json\/wp\/v2\/categories?post=7857"},{"taxonomy":"post_tag","embeddable":true,"href":"http:\/\/Abjakultuurimaja.ee\/uus\/wp-json\/wp\/v2\/tags?post=7857"}],"curies":[{"name":"wp","href":"https:\/\/api.w.org\/{rel}","templated":true}]}}