{"id":6874,"date":"2023-01-27T15:17:53","date_gmt":"2023-01-27T13:17:53","guid":{"rendered":"http:\/\/Abjakultuurimaja.ee\/uus\/?p=6874"},"modified":"2023-01-27T15:33:30","modified_gmt":"2023-01-27T13:33:30","slug":"vana-baskini-teatri-etendus-trompetipuu","status":"publish","type":"post","link":"http:\/\/Abjakultuurimaja.ee\/uus\/vana-baskini-teatri-etendus-trompetipuu\/","title":{"rendered":"Vana Baskini Teatri etendus &#8220;Trompetipuu&#8221;"},"content":{"rendered":"\n<figure class=\"wp-block-image size-medium\"><a href=\"http:\/\/abjakultuurimaja.ee\/uus\/wp-content\/uploads\/2023\/01\/Trompetipuu.jpg\"><img decoding=\"async\" loading=\"lazy\" width=\"208\" height=\"300\" src=\"http:\/\/abjakultuurimaja.ee\/uus\/wp-content\/uploads\/2023\/01\/Trompetipuu-208x300.jpg\" alt=\"\" class=\"wp-image-6871\" srcset=\"http:\/\/abjakultuurimaja.ee\/uus\/wp-content\/uploads\/2023\/01\/Trompetipuu-208x300.jpg 208w, http:\/\/abjakultuurimaja.ee\/uus\/wp-content\/uploads\/2023\/01\/Trompetipuu.jpg 444w\" sizes=\"(max-width: 208px) 100vw, 208px\" \/><\/a><figcaption>\u00a0Kirjutada kom\u00f6\u00f6dia v\u00e4hkt\u00f5vest? Kas pole see siiski liiga p\u00f6\u00f6rane m\u00f5te? Just see tuleb aga p\u00e4he Bernhardil \u2013 kirjanikul, kes muretseb ise haiglaselt oma tervisliku seisukorra p\u00e4rast. Lisaks sellele saaks oma teoses valgustada ka \u00fchiskonna haiglaslikult vohavaid n\u00e4htusi. Tema naise Carmeni meelest pole see sugugi<br>naljakas, sest ta isal on p\u00e4riselt v\u00e4hk \u2013 ema on juhuslikult leidnud arstliku l\u00e4bivaatuse tulemused, nii et tuleb juba harjuda Adami peatse kaotamise m\u00f5ttega. Ema-t\u00fctar otsustavad, et teevad n\u00e4o, nagu ei teaks diagnoosist midagi\u2013 k\u00fcll aga hakatakse niimoodi Adamit poputama, sest mees on ometigi haige.<br>Bernhard saab tekkinud olukorrast v\u00e4\u00e4rtuslikku materjali oma n\u00e4idendi jaoks. Naine heidab talle ette s\u00fcdametust, mispeale Bernhard \u00e4rritub ja teatab \u00e4iale, et k\u00f5ik on teadlikud tema haigusest, mida ta on maha salanud. Tegelikult pole Adam haige, kuid p\u00fc\u00fcab tekkinud v\u00e4\u00e4rarusaamadest endale kasu l\u00f5igata. Vaesel<br>prantslasest majahoidjal on palju tegemist, et m\u00f5ista, kes mida teab ja kelle juuresolekul ei tohi millest r\u00e4\u00e4kida.<br>See on meelelahutuslik lugu perekonnast, kus iga\u00fchel oma saladused, mille varjamisega tekib igasugu v\u00e4\u00e4ritim\u00f5istmisi. Kuigi esialgu v\u00f5ib paista, et m\u00f5ni inimene ongi haige, siis tegelikult pole kellelgi t\u00f5sist viga ja l\u00f5pp on happy. K\u00f5ik tegelased v\u00f5imaldavad osat\u00e4itjatel oma koomilist annet v\u00e4ljendada.<br>Lavastaja: Eero Spriit<br>Kunstnik: Hanna Allsaar<br>M\u00e4ngivad: Helgi Sallo, J\u00fcri Vlassov, Ott Sepp, Inga Lunge ja Riho Rosberg.<br>Pilet\u00a0 23-\/21.-(soodus pension\u00e4ridele, \u00f5pilastele ja \u00fcli\u00f5pilastele). Piletid m\u00fc\u00fcgil  kultuurimaja kantseleis, Piletilevis ja Piletimaailmas.<\/figcaption><\/figure>\n\n\n\n<p>Ennem etenduse algust ja vaheajal avatud kohvik! <\/p>\n\n\n\n<p><\/p>\n","protected":false},"excerpt":{"rendered":"<p>Ennem etenduse algust ja vaheajal avatud kohvik!<\/p>\n","protected":false},"author":4,"featured_media":0,"comment_status":"closed","ping_status":"closed","sticky":false,"template":"","format":"standard","meta":[],"categories":[6],"tags":[],"_links":{"self":[{"href":"http:\/\/Abjakultuurimaja.ee\/uus\/wp-json\/wp\/v2\/posts\/6874"}],"collection":[{"href":"http:\/\/Abjakultuurimaja.ee\/uus\/wp-json\/wp\/v2\/posts"}],"about":[{"href":"http:\/\/Abjakultuurimaja.ee\/uus\/wp-json\/wp\/v2\/types\/post"}],"author":[{"embeddable":true,"href":"http:\/\/Abjakultuurimaja.ee\/uus\/wp-json\/wp\/v2\/users\/4"}],"replies":[{"embeddable":true,"href":"http:\/\/Abjakultuurimaja.ee\/uus\/wp-json\/wp\/v2\/comments?post=6874"}],"version-history":[{"count":3,"href":"http:\/\/Abjakultuurimaja.ee\/uus\/wp-json\/wp\/v2\/posts\/6874\/revisions"}],"predecessor-version":[{"id":6880,"href":"http:\/\/Abjakultuurimaja.ee\/uus\/wp-json\/wp\/v2\/posts\/6874\/revisions\/6880"}],"wp:attachment":[{"href":"http:\/\/Abjakultuurimaja.ee\/uus\/wp-json\/wp\/v2\/media?parent=6874"}],"wp:term":[{"taxonomy":"category","embeddable":true,"href":"http:\/\/Abjakultuurimaja.ee\/uus\/wp-json\/wp\/v2\/categories?post=6874"},{"taxonomy":"post_tag","embeddable":true,"href":"http:\/\/Abjakultuurimaja.ee\/uus\/wp-json\/wp\/v2\/tags?post=6874"}],"curies":[{"name":"wp","href":"https:\/\/api.w.org\/{rel}","templated":true}]}}