{"id":6864,"date":"2023-01-24T13:32:46","date_gmt":"2023-01-24T11:32:46","guid":{"rendered":"http:\/\/Abjakultuurimaja.ee\/uus\/?p=6864"},"modified":"2023-01-24T13:37:32","modified_gmt":"2023-01-24T11:37:32","slug":"komoodiafilm-suvitajad","status":"publish","type":"post","link":"http:\/\/Abjakultuurimaja.ee\/uus\/komoodiafilm-suvitajad\/","title":{"rendered":"Kom\u00f6\u00f6diafilm &#8220;Suvitajad&#8221;"},"content":{"rendered":"\n<figure class=\"wp-block-image size-medium\"><a href=\"http:\/\/abjakultuurimaja.ee\/uus\/wp-content\/uploads\/2023\/01\/Suvitajad.jpg\"><img decoding=\"async\" loading=\"lazy\" width=\"212\" height=\"300\" src=\"http:\/\/abjakultuurimaja.ee\/uus\/wp-content\/uploads\/2023\/01\/Suvitajad-212x300.jpg\" alt=\"\" class=\"wp-image-6857\" srcset=\"http:\/\/abjakultuurimaja.ee\/uus\/wp-content\/uploads\/2023\/01\/Suvitajad-212x300.jpg 212w, http:\/\/abjakultuurimaja.ee\/uus\/wp-content\/uploads\/2023\/01\/Suvitajad.jpg 561w\" sizes=\"(max-width: 212px) 100vw, 212px\" \/><\/a><\/figure>\n\n\n\n<p>Suvitajad&#8221; on kirge ja nalja t\u00e4is suvine kom\u00f6\u00f6dia, mis p\u00f5hineb Juhan Smuuli samanimelisel jutustusel.\u00a0Film valmis seoses\u00a0armastatud kirjaniku sajanda s\u00fcnniaastap\u00e4evaga\u00a0ning on \u00fchtlasi ka austusavaldus samal algmaterjalil p\u00f5hinevale kultuskom\u00f6\u00f6diale &#8220;Siin me oleme&#8221;. Imekaunil\u00a0Muhu\u00a0saarel\u00a0toimuv legendaarne lugu on toodud julgelt t\u00e4nap\u00e4eva, sest Smuuli terane n\u00e4gemus vastandlikest inimt\u00fc\u00fcpidest on ajatu.Kalur \u00c4rni on otsustanud kehva kalasaagi t\u00f5ttu jaaniajaks\u00a0suvitajad\u00a0v\u00f5tta. Plaan pole ju paha, kuid tema kaunisse Muhumaa tallu saabuvad v\u00e4gagi t\u00fclikad k\u00fclalised: proua Sohvia, tema abikaasa Johan, nende poeg Juunior ja Sohvia kaunitarist \u00f5de Erna koos oma \u00e4rimehest kavaleri Ivoga. Juba esimesest\u00a0pilgust\u00a0on selge, et \u00c4rnil ja tema naisel Lainel l\u00e4heb\u00a0selle seltskonnaga raskeks. Pealinnast\u00a0saabunud\u00a0suvitajad\u00a0pakatavad\u00a0t\u00e4htsusest ja n\u00f5uavad erikohtlemist, samas on nende klantsi pealispinna all piinlikke saladusi. Kuid jagelustesse t\u00f5mmatud maarahvas avastab n\u00fc\u00fcd ka enda elus \u00fcllatavaid kitsaskohti. Lugu muutub veelgi v\u00fcrtsikamaks kui intriigide keskel t\u00e4rkab pererahva t\u00fctre ja suvitajate poja vahel t\u00f5eline armastus.\u00a0Naljakate segaduste ja noorusliku armastusloo saatel minnakse vastu jaani\u00f6\u00f6le ning koos v\u00f5imsa l\u00f5kkega s\u00fctivad peoplatsil ka viimseni pingule timmitud kired.<\/p>\n\n\n\n<p>Re\u017eiss\u00f6\u00f6r:\u00a0Ergo Kuld<\/p>\n\n\n\n<p>Kestvus 90 minutit<\/p>\n\n\n\n<p>P\u00e4\u00e4se 5.-\/4.-<\/p>\n","protected":false},"excerpt":{"rendered":"<p>Suvitajad&#8221; on kirge ja nalja t\u00e4is suvine kom\u00f6\u00f6dia, mis p\u00f5hineb Juhan Smuuli samanimelisel jutustusel.\u00a0Film valmis seoses\u00a0armastatud kirjaniku sajanda s\u00fcnniaastap\u00e4evaga\u00a0ning on \u00fchtlasi ka austusavaldus samal algmaterjalil p\u00f5hinevale kultuskom\u00f6\u00f6diale &#8220;Siin me oleme&#8221;. Imekaunil\u00a0Muhu\u00a0saarel\u00a0toimuv legendaarne lugu on toodud julgelt t\u00e4nap\u00e4eva, sest Smuuli terane n\u00e4gemus vastandlikest inimt\u00fc\u00fcpidest on ajatu.Kalur \u00c4rni on otsustanud kehva kalasaagi t\u00f5ttu jaaniajaks\u00a0suvitajad\u00a0v\u00f5tta. Plaan pole ju [&hellip;]<\/p>\n","protected":false},"author":4,"featured_media":0,"comment_status":"closed","ping_status":"closed","sticky":false,"template":"","format":"standard","meta":[],"categories":[6],"tags":[],"_links":{"self":[{"href":"http:\/\/Abjakultuurimaja.ee\/uus\/wp-json\/wp\/v2\/posts\/6864"}],"collection":[{"href":"http:\/\/Abjakultuurimaja.ee\/uus\/wp-json\/wp\/v2\/posts"}],"about":[{"href":"http:\/\/Abjakultuurimaja.ee\/uus\/wp-json\/wp\/v2\/types\/post"}],"author":[{"embeddable":true,"href":"http:\/\/Abjakultuurimaja.ee\/uus\/wp-json\/wp\/v2\/users\/4"}],"replies":[{"embeddable":true,"href":"http:\/\/Abjakultuurimaja.ee\/uus\/wp-json\/wp\/v2\/comments?post=6864"}],"version-history":[{"count":2,"href":"http:\/\/Abjakultuurimaja.ee\/uus\/wp-json\/wp\/v2\/posts\/6864\/revisions"}],"predecessor-version":[{"id":6866,"href":"http:\/\/Abjakultuurimaja.ee\/uus\/wp-json\/wp\/v2\/posts\/6864\/revisions\/6866"}],"wp:attachment":[{"href":"http:\/\/Abjakultuurimaja.ee\/uus\/wp-json\/wp\/v2\/media?parent=6864"}],"wp:term":[{"taxonomy":"category","embeddable":true,"href":"http:\/\/Abjakultuurimaja.ee\/uus\/wp-json\/wp\/v2\/categories?post=6864"},{"taxonomy":"post_tag","embeddable":true,"href":"http:\/\/Abjakultuurimaja.ee\/uus\/wp-json\/wp\/v2\/tags?post=6864"}],"curies":[{"name":"wp","href":"https:\/\/api.w.org\/{rel}","templated":true}]}}