{"id":6603,"date":"2022-09-30T14:52:20","date_gmt":"2022-09-30T12:52:20","guid":{"rendered":"http:\/\/Abjakultuurimaja.ee\/uus\/?p=6603"},"modified":"2022-09-30T14:52:20","modified_gmt":"2022-09-30T12:52:20","slug":"mangufilm-kalev","status":"publish","type":"post","link":"http:\/\/Abjakultuurimaja.ee\/uus\/mangufilm-kalev\/","title":{"rendered":"M\u00e4ngufilm &#8220;Kalev&#8221;"},"content":{"rendered":"\n<figure class=\"wp-block-image size-medium\"><a href=\"http:\/\/abjakultuurimaja.ee\/uus\/wp-content\/uploads\/2022\/09\/Kalev.jpg\"><img decoding=\"async\" loading=\"lazy\" width=\"212\" height=\"300\" src=\"http:\/\/abjakultuurimaja.ee\/uus\/wp-content\/uploads\/2022\/09\/Kalev-212x300.jpg\" alt=\"\" class=\"wp-image-6601\" srcset=\"http:\/\/abjakultuurimaja.ee\/uus\/wp-content\/uploads\/2022\/09\/Kalev-212x300.jpg 212w, http:\/\/abjakultuurimaja.ee\/uus\/wp-content\/uploads\/2022\/09\/Kalev.jpg 561w\" sizes=\"(max-width: 212px) 100vw, 212px\" \/><\/a><figcaption>1990 aasta suvi.<br>Peatselt on algamas NSV Liidu meistriv\u00f5istluste j\u00e4rjekordne hooaeg. Kalevi korvpallimeeskond seisab p\u00e4rast aastaid kestnud rasket t\u00f6\u00f6d veelgi raskema valiku ees \u2013 N\u00f5ukogude Liit laguneb, Eesti p\u00fc\u00fcdleb taasiseseisvuse poole ja \u00fchiskonnas t\u00f5stab pead arvamus, et eestlased ei tohiks N\u00f5ukogude Liidu meistriv\u00f5istlustel osaleda. Mehed, kes on p\u00fchendanud kogu elu spordile ja treeninud vaid \u00fche eesm\u00e4rgi nimel, teevad raske ja \u00fchiskonnas ebapopulaarse valiku. Otsustatakse siiski m\u00e4ngida\u2026<br>Mitte miski pole aga m\u00e4ngijaid ja treenerite tiimi valmistanud ette niiv\u00f5rd tormiliseks hooajaks. P\u00e4rast k\u00f5ikv\u00f5imalikke vintsutusi saab meeskonnal olla vaid \u00fcks eesm\u00e4rk\u2026<br>\u201cKalev\u201d on t\u00f5sielulistel s\u00fcndmustel p\u00f5hinev spordidraama, mille kesksetes rollides astuvad \u00fcles Mait Malmsten, Priit V\u00f5igemast, Reimo Sagor, Mihkel Kuusk, Rauno Polman, Ott Kartau, Veiko Porkanen, Siim Maaten, Jonathan Peterson, Kristjan Sarv, Howard Frier, Liisa Saarem\u00e4el ja paljud teised.<br>Filmi tootjateks on Allfilm ja Ugri Film. Produtsendid Pille R\u00fcnk ja Maria Avdju\u0161ko.<br>Stsenaariumi autorid Mehis Pihla, Martin Algus ja Ove Musting.<br>Filmi re\u017eiss\u00f6\u00f6r on Ove Musting.<\/figcaption><\/figure>\n","protected":false},"excerpt":{"rendered":"","protected":false},"author":4,"featured_media":0,"comment_status":"closed","ping_status":"closed","sticky":false,"template":"","format":"standard","meta":[],"categories":[6],"tags":[],"_links":{"self":[{"href":"http:\/\/Abjakultuurimaja.ee\/uus\/wp-json\/wp\/v2\/posts\/6603"}],"collection":[{"href":"http:\/\/Abjakultuurimaja.ee\/uus\/wp-json\/wp\/v2\/posts"}],"about":[{"href":"http:\/\/Abjakultuurimaja.ee\/uus\/wp-json\/wp\/v2\/types\/post"}],"author":[{"embeddable":true,"href":"http:\/\/Abjakultuurimaja.ee\/uus\/wp-json\/wp\/v2\/users\/4"}],"replies":[{"embeddable":true,"href":"http:\/\/Abjakultuurimaja.ee\/uus\/wp-json\/wp\/v2\/comments?post=6603"}],"version-history":[{"count":1,"href":"http:\/\/Abjakultuurimaja.ee\/uus\/wp-json\/wp\/v2\/posts\/6603\/revisions"}],"predecessor-version":[{"id":6604,"href":"http:\/\/Abjakultuurimaja.ee\/uus\/wp-json\/wp\/v2\/posts\/6603\/revisions\/6604"}],"wp:attachment":[{"href":"http:\/\/Abjakultuurimaja.ee\/uus\/wp-json\/wp\/v2\/media?parent=6603"}],"wp:term":[{"taxonomy":"category","embeddable":true,"href":"http:\/\/Abjakultuurimaja.ee\/uus\/wp-json\/wp\/v2\/categories?post=6603"},{"taxonomy":"post_tag","embeddable":true,"href":"http:\/\/Abjakultuurimaja.ee\/uus\/wp-json\/wp\/v2\/tags?post=6603"}],"curies":[{"name":"wp","href":"https:\/\/api.w.org\/{rel}","templated":true}]}}