{"id":6302,"date":"2022-03-22T11:18:00","date_gmt":"2022-03-22T09:18:00","guid":{"rendered":"http:\/\/Abjakultuurimaja.ee\/uus\/?p=6302"},"modified":"2022-04-04T14:45:21","modified_gmt":"2022-04-04T12:45:21","slug":"kontserdisari-muusika-104-eestimaale-kontsert-kari-ikonen-klaversoome","status":"publish","type":"post","link":"http:\/\/Abjakultuurimaja.ee\/uus\/kontserdisari-muusika-104-eestimaale-kontsert-kari-ikonen-klaversoome\/","title":{"rendered":"Kontserdisari \u201cMuusika 104 Eestimaale\u201d kontsert, Kari Ikonen-klaver(Soome)"},"content":{"rendered":"\n<figure class=\"wp-block-image size-medium is-resized\"><a href=\"http:\/\/abjakultuurimaja.ee\/uus\/wp-content\/uploads\/2022\/03\/Ikonen-1.jpg\"><img decoding=\"async\" loading=\"lazy\" src=\"http:\/\/abjakultuurimaja.ee\/uus\/wp-content\/uploads\/2022\/03\/Ikonen-1-212x300.jpg\" alt=\"\" class=\"wp-image-6303\" width=\"212\" height=\"300\" srcset=\"http:\/\/abjakultuurimaja.ee\/uus\/wp-content\/uploads\/2022\/03\/Ikonen-1-212x300.jpg 212w, http:\/\/abjakultuurimaja.ee\/uus\/wp-content\/uploads\/2022\/03\/Ikonen-1-725x1024.jpg 725w, http:\/\/abjakultuurimaja.ee\/uus\/wp-content\/uploads\/2022\/03\/Ikonen-1-768x1085.jpg 768w, http:\/\/abjakultuurimaja.ee\/uus\/wp-content\/uploads\/2022\/03\/Ikonen-1-1087x1536.jpg 1087w, http:\/\/abjakultuurimaja.ee\/uus\/wp-content\/uploads\/2022\/03\/Ikonen-1.jpg 1123w\" sizes=\"(max-width: 212px) 100vw, 212px\" \/><\/a><\/figure>\n\n\n\n<p>Kontsertsari \u201eMuusika 104 Eestimaale\u201c Abja Kultuurimajas<br>Kari Ikonen on Soome jazzpianist ja helilooja. Soome aasta d\u017e\u00e4ssmuusik 2013, Yrj\u00f6 preemia laureaat.<br>Kari Ikoneni sooloklaverialbum on p\u00e4\u00e4senud 2021. aasta parimate nimekirjadesse kolmel kontinendil: Europe Jazz Media Chart, Australian Broadcasting Corporation ja New York City Jazz Record !!!<br>Kari kirjutab: Aprillis-mais teen pika lennuvaba madala CO\u2082-ga sooloklaveriturnee: Baltikum, Poola, Saksamaa, Prantsusmaa, Taani, Rootsi&#8230; palju aega rongides, t\u00e4iesti \u00fcksi \u2013 olen sellest \u00fcsna p\u00f5nevil!!!<br>Baltikumis ainult 2 kontserti!!!<br>20. aprillil J\u00f5geva Kultuurikeskuses<br>21. aprillil Abja Kultuurimajas<br>Kontsert toimub koost\u00f6\u00f6s Soome kontsertagentuuriga Vapaat \u00c4\u00e4net, Soome Kultuurirahastule.<br>Kontserdisari baseerub koost\u00f6\u00f6le ning kaasrahastusele Helikunsti sihtkapitali, Viljandimaa ekspertgrupi, Abja kultuurimaja ja Uus Kontsert O\u00dc poolt.<br>Piletid 10\u20ac\/ 8\u20ac (pension\u00e4r, \u00f5pilane)<\/p>\n\n\n\n<p><\/p>\n","protected":false},"excerpt":{"rendered":"<p>Kontsertsari \u201eMuusika 104 Eestimaale\u201c Abja KultuurimajasKari Ikonen on Soome jazzpianist ja helilooja. Soome aasta d\u017e\u00e4ssmuusik 2013, Yrj\u00f6 preemia laureaat.Kari Ikoneni sooloklaverialbum on p\u00e4\u00e4senud 2021. aasta parimate nimekirjadesse kolmel kontinendil: Europe Jazz Media Chart, Australian Broadcasting Corporation ja New York City Jazz Record !!!Kari kirjutab: Aprillis-mais teen pika lennuvaba madala CO\u2082-ga sooloklaveriturnee: Baltikum, Poola, Saksamaa, Prantsusmaa, [&hellip;]<\/p>\n","protected":false},"author":4,"featured_media":0,"comment_status":"closed","ping_status":"closed","sticky":false,"template":"","format":"standard","meta":[],"categories":[6],"tags":[],"_links":{"self":[{"href":"http:\/\/Abjakultuurimaja.ee\/uus\/wp-json\/wp\/v2\/posts\/6302"}],"collection":[{"href":"http:\/\/Abjakultuurimaja.ee\/uus\/wp-json\/wp\/v2\/posts"}],"about":[{"href":"http:\/\/Abjakultuurimaja.ee\/uus\/wp-json\/wp\/v2\/types\/post"}],"author":[{"embeddable":true,"href":"http:\/\/Abjakultuurimaja.ee\/uus\/wp-json\/wp\/v2\/users\/4"}],"replies":[{"embeddable":true,"href":"http:\/\/Abjakultuurimaja.ee\/uus\/wp-json\/wp\/v2\/comments?post=6302"}],"version-history":[{"count":2,"href":"http:\/\/Abjakultuurimaja.ee\/uus\/wp-json\/wp\/v2\/posts\/6302\/revisions"}],"predecessor-version":[{"id":6319,"href":"http:\/\/Abjakultuurimaja.ee\/uus\/wp-json\/wp\/v2\/posts\/6302\/revisions\/6319"}],"wp:attachment":[{"href":"http:\/\/Abjakultuurimaja.ee\/uus\/wp-json\/wp\/v2\/media?parent=6302"}],"wp:term":[{"taxonomy":"category","embeddable":true,"href":"http:\/\/Abjakultuurimaja.ee\/uus\/wp-json\/wp\/v2\/categories?post=6302"},{"taxonomy":"post_tag","embeddable":true,"href":"http:\/\/Abjakultuurimaja.ee\/uus\/wp-json\/wp\/v2\/tags?post=6302"}],"curies":[{"name":"wp","href":"https:\/\/api.w.org\/{rel}","templated":true}]}}