{"id":6280,"date":"2022-03-14T17:41:29","date_gmt":"2022-03-14T15:41:29","guid":{"rendered":"http:\/\/Abjakultuurimaja.ee\/uus\/?p=6280"},"modified":"2022-03-14T17:56:40","modified_gmt":"2022-03-14T15:56:40","slug":"ingrid-vinnali-ja-annabel-ilvese-maalinaituse-avamine","status":"publish","type":"post","link":"http:\/\/Abjakultuurimaja.ee\/uus\/ingrid-vinnali-ja-annabel-ilvese-maalinaituse-avamine\/","title":{"rendered":"INGRID VINNALI JA ANNABEL ILVESE MAALIN\u00c4ITUSE AVAMINE"},"content":{"rendered":"\n<figure class=\"wp-block-image size-medium\"><a href=\"http:\/\/abjakultuurimaja.ee\/uus\/wp-content\/uploads\/2022\/03\/Ingrit-Annabel-3.jpg\"><img decoding=\"async\" loading=\"lazy\" width=\"212\" height=\"300\" src=\"http:\/\/abjakultuurimaja.ee\/uus\/wp-content\/uploads\/2022\/03\/Ingrit-Annabel-3-212x300.jpg\" alt=\"\" class=\"wp-image-6281\" srcset=\"http:\/\/abjakultuurimaja.ee\/uus\/wp-content\/uploads\/2022\/03\/Ingrit-Annabel-3-212x300.jpg 212w, http:\/\/abjakultuurimaja.ee\/uus\/wp-content\/uploads\/2022\/03\/Ingrit-Annabel-3-724x1024.jpg 724w, http:\/\/abjakultuurimaja.ee\/uus\/wp-content\/uploads\/2022\/03\/Ingrit-Annabel-3-768x1086.jpg 768w, http:\/\/abjakultuurimaja.ee\/uus\/wp-content\/uploads\/2022\/03\/Ingrit-Annabel-3-1086x1536.jpg 1086w, http:\/\/abjakultuurimaja.ee\/uus\/wp-content\/uploads\/2022\/03\/Ingrit-Annabel-3.jpg 1414w\" sizes=\"(max-width: 212px) 100vw, 212px\" \/><\/a><\/figure>\n\n\n\n<p>N\u00e4itusel saab n\u00e4ha nii \u00f5li- kui ka akr\u00fc\u00fclmaale, mis on peamiselt abstraktsed, v\u00e4rvik\u00fcllased, emotsioonide rikkad ja k\u00f5nelevad meid k\u00f5iki puudutavatest erinevatest maailmadest.<\/p>\n\n\n\n<p>\u201eK\u00f5ik maalid on maalitud erinevate tunnete, emotsioonide ajel ja viibides hetkes, siin ja praegu\u201c Ingrid Vinnal.<\/p>\n\n\n\n<p>Ema ja t\u00fctre maalin\u00e4itus \u201eSaladuslik\u201c. N\u00e4itusele v\u00e4lja pandud maalid k\u00f5nelevadki erinevatest maailmadest, milles on oma lugu ja meeleolu.<\/p>\n\n\n\n<p>Maalide autorid on Ingrid Vinnal ja Annabel Ilves.<\/p>\n\n\n\n<p>&nbsp;Annabel Ilves on erivajadustega nooruk, kellele on meeldinud v\u00e4ikesest peale maalida. T\u00f5sisemalt asus Annabel kunsti \u00f5ppima kui tema t\u00f6\u00f6d valiti v\u00e4lja Kondase keskuse poolt \u00fcleriigilisele n\u00e4itusele ps\u00fc\u00fchilise erivajadusega inimeste looming \u00abKogutud maailmad\u201c.<\/p>\n\n\n\n<p>Ja kuna ka Annabeli emal olid lapsena samuti suur huvi joonistamise vastu, siis on Annabel ka oma ema toonud tagasi kunsti juurde. Nii me veedamegi palju aega maalides ja maalikunsti \u00f5ppides.<\/p>\n\n\n\n<p>Annabel koos emaga on \u00f5ppinud Viljandi Kunstikoolis. Ingrid Vinnal on koolitusi saanud Aapo Puki maalilaagris ja erinevatel Aapo Puki maalikursustel. Saadud teadmistega juhendan ja \u00f5petan edasi Annabeli. K\u00f5iki maale on v\u00f5imalik osta ja saadud tasu l\u00e4heb Annabel Ilves\u00b4e ravimi Epidiolex ostmiseks, millele praegu kalendrikuus kulub ca 1200 eurot. Samuti annetame iga maaliostult 20.- eurot Ukraina s\u00f5jap\u00f5genike heaks.<\/p>\n\n\n\n<p><\/p>\n","protected":false},"excerpt":{"rendered":"<p>N\u00e4itusel saab n\u00e4ha nii \u00f5li- kui ka akr\u00fc\u00fclmaale, mis on peamiselt abstraktsed, v\u00e4rvik\u00fcllased, emotsioonide rikkad ja k\u00f5nelevad meid k\u00f5iki puudutavatest erinevatest maailmadest. \u201eK\u00f5ik maalid on maalitud erinevate tunnete, emotsioonide ajel ja viibides hetkes, siin ja praegu\u201c Ingrid Vinnal. Ema ja t\u00fctre maalin\u00e4itus \u201eSaladuslik\u201c. N\u00e4itusele v\u00e4lja pandud maalid k\u00f5nelevadki erinevatest maailmadest, milles on oma lugu ja [&hellip;]<\/p>\n","protected":false},"author":4,"featured_media":0,"comment_status":"closed","ping_status":"closed","sticky":false,"template":"","format":"standard","meta":[],"categories":[6],"tags":[],"_links":{"self":[{"href":"http:\/\/Abjakultuurimaja.ee\/uus\/wp-json\/wp\/v2\/posts\/6280"}],"collection":[{"href":"http:\/\/Abjakultuurimaja.ee\/uus\/wp-json\/wp\/v2\/posts"}],"about":[{"href":"http:\/\/Abjakultuurimaja.ee\/uus\/wp-json\/wp\/v2\/types\/post"}],"author":[{"embeddable":true,"href":"http:\/\/Abjakultuurimaja.ee\/uus\/wp-json\/wp\/v2\/users\/4"}],"replies":[{"embeddable":true,"href":"http:\/\/Abjakultuurimaja.ee\/uus\/wp-json\/wp\/v2\/comments?post=6280"}],"version-history":[{"count":3,"href":"http:\/\/Abjakultuurimaja.ee\/uus\/wp-json\/wp\/v2\/posts\/6280\/revisions"}],"predecessor-version":[{"id":6285,"href":"http:\/\/Abjakultuurimaja.ee\/uus\/wp-json\/wp\/v2\/posts\/6280\/revisions\/6285"}],"wp:attachment":[{"href":"http:\/\/Abjakultuurimaja.ee\/uus\/wp-json\/wp\/v2\/media?parent=6280"}],"wp:term":[{"taxonomy":"category","embeddable":true,"href":"http:\/\/Abjakultuurimaja.ee\/uus\/wp-json\/wp\/v2\/categories?post=6280"},{"taxonomy":"post_tag","embeddable":true,"href":"http:\/\/Abjakultuurimaja.ee\/uus\/wp-json\/wp\/v2\/tags?post=6280"}],"curies":[{"name":"wp","href":"https:\/\/api.w.org\/{rel}","templated":true}]}}