{"id":6166,"date":"2022-01-06T13:02:00","date_gmt":"2022-01-06T10:02:00","guid":{"rendered":"http:\/\/Abjakultuurimaja.ee\/uus\/?p=6166"},"modified":"2022-01-06T14:53:36","modified_gmt":"2022-01-06T12:53:36","slug":"ahto-lobjakase-fotonaitus-maailma-teinepool-pashtuni-maad","status":"publish","type":"post","link":"http:\/\/Abjakultuurimaja.ee\/uus\/ahto-lobjakase-fotonaitus-maailma-teinepool-pashtuni-maad\/","title":{"rendered":"Ahto Lobjakase foton\u00e4itus &#8220;Maailma teinepool: pashtuni maad&#8221;"},"content":{"rendered":"\n<figure class=\"wp-block-image size-large\"><a href=\"http:\/\/abjakultuurimaja.ee\/uus\/wp-content\/uploads\/2022\/01\/ahto-lobjakas.png\"><img decoding=\"async\" loading=\"lazy\" width=\"724\" height=\"1024\" src=\"http:\/\/abjakultuurimaja.ee\/uus\/wp-content\/uploads\/2022\/01\/ahto-lobjakas-724x1024.png\" alt=\"\" class=\"wp-image-6167\" srcset=\"http:\/\/abjakultuurimaja.ee\/uus\/wp-content\/uploads\/2022\/01\/ahto-lobjakas-724x1024.png 724w, http:\/\/abjakultuurimaja.ee\/uus\/wp-content\/uploads\/2022\/01\/ahto-lobjakas-212x300.png 212w, http:\/\/abjakultuurimaja.ee\/uus\/wp-content\/uploads\/2022\/01\/ahto-lobjakas-768x1086.png 768w, http:\/\/abjakultuurimaja.ee\/uus\/wp-content\/uploads\/2022\/01\/ahto-lobjakas-1086x1536.png 1086w, http:\/\/abjakultuurimaja.ee\/uus\/wp-content\/uploads\/2022\/01\/ahto-lobjakas.png 1414w\" sizes=\"(max-width: 724px) 100vw, 724px\" \/><\/a><figcaption>Ahto Lobjakas kirjutab nii: <br>Mul oli privileeg k\u00fclastada Afganistani kuuel korral 2003-2007. Tegemist on n\u00fc\u00fcdseks meile kadunud ilmaga. Need pildid p\u00e4rinevad aastatest 2007-2009. Enamus neist on tehtud Kandaharis, selle \u00fcmbruses ja teistes l\u00f5unapoolsetes, pashtuni provintsides. T\u00e4na v\u00f5iksid pashtuni maad olla samah\u00e4sti Kuu teisel k\u00fcljel. Aga isegi 10-15 aastat tagasi asusid nad sealpool L\u00e4\u00e4ne silmapiiri. Ainsad teised \u201cl\u00e4\u00e4nlased\u201d olid Kandaharis toona ameerika eriv\u00e4elased ja \u00fcks poolm\u00fc\u00fctiline ameerika daam, kes elas kohaliku pealiku isikliku kaitse all. Pashtunid on maailma \u00fcks k\u00fclalislahkemaid rahvaid \u2014 kuid k\u00fclalislahkuse pelk eeldamine v\u00f5ib kergesti l\u00f5ppeda surmaga. Kerge oleks t\u00e4nast Afganistani \u2014 ning pashtuni osi maast enne aastat 2021 \u2014 kirjeldada \u201cno-go\u201d aladena, millenagi, mis tuleb tagasi v\u00f5ita ja maailmale avada. Kuid tegemist on \u2014 kelle jaoks heas, kelle jaoks halvas \u2014 viimaste kohtadega Maal, mida l\u00e4\u00e4s pole ka parima tahtmisega suutnud p\u00e4riselt omaks teha. Pashtunwali, h\u00f5imuseaduste kogu, millesse on koondatud pashtuni eluviis, v\u00f5ib olla 5000 aastat vana. Mind ei \u00fcllatakse, kui see elaks L\u00e4\u00e4ne \u00fcle. Erinevalt Hiinast, ei kujuta pashtuni maad endast strateegilist konkurenti. Erinevalt Aafrikast, pole neis midagi Conradi \u201cPimeduse s\u00fcdamest\u201d. Nad on l\u00e4\u00e4nelt v\u00f5tnud selle, mis tarvis: mobiiltelefonid, sisep\u00f5lemismootori, tulirelvad, n\u00fc\u00fcd ka p\u00e4ikesepaneelid \u2014 et minna edasi, et j\u00e4\u00e4da samaks. Enne kui ma sinna l\u00e4ksin, arvasin, et sellised kohad on veel olemas \u00fcksnes muinasjuttudes. Nad on v\u00f5\u00f5rad, aga ikka inimlikud. N\u00e4itus j\u00f5udis meie majja koost\u00f6\u00f6s MT\u00dc Mondoga. <\/figcaption><\/figure>\n","protected":false},"excerpt":{"rendered":"","protected":false},"author":4,"featured_media":0,"comment_status":"closed","ping_status":"closed","sticky":false,"template":"","format":"standard","meta":[],"categories":[6],"tags":[],"_links":{"self":[{"href":"http:\/\/Abjakultuurimaja.ee\/uus\/wp-json\/wp\/v2\/posts\/6166"}],"collection":[{"href":"http:\/\/Abjakultuurimaja.ee\/uus\/wp-json\/wp\/v2\/posts"}],"about":[{"href":"http:\/\/Abjakultuurimaja.ee\/uus\/wp-json\/wp\/v2\/types\/post"}],"author":[{"embeddable":true,"href":"http:\/\/Abjakultuurimaja.ee\/uus\/wp-json\/wp\/v2\/users\/4"}],"replies":[{"embeddable":true,"href":"http:\/\/Abjakultuurimaja.ee\/uus\/wp-json\/wp\/v2\/comments?post=6166"}],"version-history":[{"count":5,"href":"http:\/\/Abjakultuurimaja.ee\/uus\/wp-json\/wp\/v2\/posts\/6166\/revisions"}],"predecessor-version":[{"id":6175,"href":"http:\/\/Abjakultuurimaja.ee\/uus\/wp-json\/wp\/v2\/posts\/6166\/revisions\/6175"}],"wp:attachment":[{"href":"http:\/\/Abjakultuurimaja.ee\/uus\/wp-json\/wp\/v2\/media?parent=6166"}],"wp:term":[{"taxonomy":"category","embeddable":true,"href":"http:\/\/Abjakultuurimaja.ee\/uus\/wp-json\/wp\/v2\/categories?post=6166"},{"taxonomy":"post_tag","embeddable":true,"href":"http:\/\/Abjakultuurimaja.ee\/uus\/wp-json\/wp\/v2\/tags?post=6166"}],"curies":[{"name":"wp","href":"https:\/\/api.w.org\/{rel}","templated":true}]}}