{"id":3949,"date":"2018-09-17T15:46:55","date_gmt":"2018-09-17T12:46:55","guid":{"rendered":"http:\/\/Abjakultuurimaja.ee\/uus\/?p=3949"},"modified":"2018-09-17T15:46:55","modified_gmt":"2018-09-17T12:46:55","slug":"film-porgu-jaan","status":"publish","type":"post","link":"http:\/\/Abjakultuurimaja.ee\/uus\/film-porgu-jaan\/","title":{"rendered":"Film &#8220;P\u00f5rgu Jaan&#8221;"},"content":{"rendered":"<p><a href=\"http:\/\/abjakultuurimaja.ee\/uus\/wp-content\/uploads\/2018\/09\/Kuulutus-P\u00f5rgu-Jaan.jpg\"><img decoding=\"async\" loading=\"lazy\" class=\"alignnone size-medium wp-image-3933\" src=\"http:\/\/abjakultuurimaja.ee\/uus\/wp-content\/uploads\/2018\/09\/Kuulutus-P\u00f5rgu-Jaan-212x300.jpg\" alt=\"\" width=\"212\" height=\"300\" srcset=\"http:\/\/abjakultuurimaja.ee\/uus\/wp-content\/uploads\/2018\/09\/Kuulutus-P\u00f5rgu-Jaan-212x300.jpg 212w, http:\/\/abjakultuurimaja.ee\/uus\/wp-content\/uploads\/2018\/09\/Kuulutus-P\u00f5rgu-Jaan-768x1086.jpg 768w, http:\/\/abjakultuurimaja.ee\/uus\/wp-content\/uploads\/2018\/09\/Kuulutus-P\u00f5rgu-Jaan-724x1024.jpg 724w, http:\/\/abjakultuurimaja.ee\/uus\/wp-content\/uploads\/2018\/09\/Kuulutus-P\u00f5rgu-Jaan.jpg 794w\" sizes=\"(max-width: 212px) 100vw, 212px\" \/><\/a><\/p>\n<p>\u201cP\u00f5rgu Jaan\u201d on m\u00fcsteerium, mis on inspireeritud P\u00f5hjas\u00f5ja-j\u00e4rgsetest s\u00fcngetest aegadest. Rahvast on aastaid r\u00f5hunud s\u00f5da, n\u00e4lg ja katk. Saladusliku p\u00f5nevusloo peategelane on Jaan (Meelis R\u00e4mmeld), kes leitakse teadvusetult mererannalt. Jaan ei m\u00e4leta oma minevikku. Ta on v\u00f5\u00f5ras niih\u00e4sti iseendale kui inimestele enda \u00fcmber.<\/p>\n<p>Juhuse tahtel asub Jaan elama paruni (Andres Lepik) juurde kohalikku m\u00f5isahoonesse, kus m\u00f5ni aeg tagasi on aset leidnud \u00f5\u00f5vastav kurit\u00f6\u00f6. Ajapikku hakkavad ilmnema vihjed salap\u00e4rase v\u00f5\u00f5ra tausta ja varasemate tegude kohta. Mida teha, kui selgub, et sa oled keegi, kes sa olla ei taha?<\/p>\n<p>Filmi autor Kaur Kokk on l\u00f5petanud BFMi ja paistnud nii Eestis kui rahvusvaheliselt silma edukate l\u00fchifilmide autorina. \u201cP\u00f5rgu Jaan\u201d on tema m\u00e4ngufilmideb\u00fc\u00fct.<\/p>\n<p>\u201cP\u00f5rgu Jaani\u201d taga seisab sama produktsioonifirma, kes t\u00f5i vaatajateni auhinnatud \u201cNovembri\u201d ja \u201cS\u00fcgisballi\u201d. Filmi produtsent on Katrin Kissa ja selle operaatorit\u00f6\u00f6 tegi Mart Taniel, keda tunnustati aastal 2018 Hollywoodis \u00fche maailma k\u00f5ige prestii\u017eikama auhinnaga operaatorit\u00f6\u00f6 vallas, ASC Spotlight Awardiga.<\/p>\n<p>Osat\u00e4itjad: Meelis R\u00e4mmeld, Andres Lepik, P\u00e4\u00e4ru Oja, Peeter Volkonski, Adele Taska, Egon Nuter, Villu Kangur, Anne T\u00fcrnpu<\/p>\n<p>Lavastaja: Kaur Kokk<\/p>\n<p>Film valmis Eesti Vabariigi 100. s\u00fcnnip\u00e4evaks.<\/p>\n<div>\n<div>Kinodes alates:\u00a0<b>5.10.2018<\/b><\/div>\n<div>Filmi pikkus:\u00a0<b>1h 44 min<\/b><\/div>\n<\/div>\n<div><\/div>\n","protected":false},"excerpt":{"rendered":"<p>\u201cP\u00f5rgu Jaan\u201d on m\u00fcsteerium, mis on inspireeritud P\u00f5hjas\u00f5ja-j\u00e4rgsetest s\u00fcngetest aegadest. Rahvast on aastaid r\u00f5hunud s\u00f5da, n\u00e4lg ja katk. Saladusliku p\u00f5nevusloo peategelane on Jaan (Meelis R\u00e4mmeld), kes leitakse teadvusetult mererannalt. Jaan ei m\u00e4leta oma minevikku. Ta on v\u00f5\u00f5ras niih\u00e4sti iseendale kui inimestele enda \u00fcmber. Juhuse tahtel asub Jaan elama paruni (Andres Lepik) juurde kohalikku m\u00f5isahoonesse, kus [&hellip;]<\/p>\n","protected":false},"author":4,"featured_media":0,"comment_status":"closed","ping_status":"closed","sticky":false,"template":"","format":"standard","meta":[],"categories":[6],"tags":[],"_links":{"self":[{"href":"http:\/\/Abjakultuurimaja.ee\/uus\/wp-json\/wp\/v2\/posts\/3949"}],"collection":[{"href":"http:\/\/Abjakultuurimaja.ee\/uus\/wp-json\/wp\/v2\/posts"}],"about":[{"href":"http:\/\/Abjakultuurimaja.ee\/uus\/wp-json\/wp\/v2\/types\/post"}],"author":[{"embeddable":true,"href":"http:\/\/Abjakultuurimaja.ee\/uus\/wp-json\/wp\/v2\/users\/4"}],"replies":[{"embeddable":true,"href":"http:\/\/Abjakultuurimaja.ee\/uus\/wp-json\/wp\/v2\/comments?post=3949"}],"version-history":[{"count":1,"href":"http:\/\/Abjakultuurimaja.ee\/uus\/wp-json\/wp\/v2\/posts\/3949\/revisions"}],"predecessor-version":[{"id":3950,"href":"http:\/\/Abjakultuurimaja.ee\/uus\/wp-json\/wp\/v2\/posts\/3949\/revisions\/3950"}],"wp:attachment":[{"href":"http:\/\/Abjakultuurimaja.ee\/uus\/wp-json\/wp\/v2\/media?parent=3949"}],"wp:term":[{"taxonomy":"category","embeddable":true,"href":"http:\/\/Abjakultuurimaja.ee\/uus\/wp-json\/wp\/v2\/categories?post=3949"},{"taxonomy":"post_tag","embeddable":true,"href":"http:\/\/Abjakultuurimaja.ee\/uus\/wp-json\/wp\/v2\/tags?post=3949"}],"curies":[{"name":"wp","href":"https:\/\/api.w.org\/{rel}","templated":true}]}}