{"id":3937,"date":"2018-09-17T14:48:26","date_gmt":"2018-09-17T11:48:26","guid":{"rendered":"http:\/\/Abjakultuurimaja.ee\/uus\/?p=3937"},"modified":"2018-09-17T14:48:26","modified_gmt":"2018-09-17T11:48:26","slug":"film-vota-voi-jata","status":"publish","type":"post","link":"http:\/\/Abjakultuurimaja.ee\/uus\/film-vota-voi-jata\/","title":{"rendered":"Film &#8220;V\u00f5ta v\u00f5i j\u00e4ta&#8221;"},"content":{"rendered":"<p><a href=\"http:\/\/abjakultuurimaja.ee\/uus\/wp-content\/uploads\/2018\/09\/plakat-v\u00f5ta-v\u00f5i-j\u00e4ta-1.jpg\"><img decoding=\"async\" loading=\"lazy\" class=\"alignnone size-medium wp-image-3934\" src=\"http:\/\/abjakultuurimaja.ee\/uus\/wp-content\/uploads\/2018\/09\/plakat-v\u00f5ta-v\u00f5i-j\u00e4ta-1-212x300.jpg\" alt=\"\" width=\"212\" height=\"300\" srcset=\"http:\/\/abjakultuurimaja.ee\/uus\/wp-content\/uploads\/2018\/09\/plakat-v\u00f5ta-v\u00f5i-j\u00e4ta-1-212x300.jpg 212w, http:\/\/abjakultuurimaja.ee\/uus\/wp-content\/uploads\/2018\/09\/plakat-v\u00f5ta-v\u00f5i-j\u00e4ta-1-768x1086.jpg 768w, http:\/\/abjakultuurimaja.ee\/uus\/wp-content\/uploads\/2018\/09\/plakat-v\u00f5ta-v\u00f5i-j\u00e4ta-1-724x1024.jpg 724w, http:\/\/abjakultuurimaja.ee\/uus\/wp-content\/uploads\/2018\/09\/plakat-v\u00f5ta-v\u00f5i-j\u00e4ta-1.jpg 794w\" sizes=\"(max-width: 212px) 100vw, 212px\" \/><\/a><\/p>\n<p>Mida teeksid sina, kui \u00fchel p\u00e4eval pannakse su k\u00e4tele vasts\u00fcndinud laps ja \u00f6eldakse: v\u00f5ta v\u00f5i j\u00e4ta!<\/p>\n<p>\u00dchel unisel laup\u00e4evahommikul saab 30-aastane ehitaja Erik jalustrabava uudise: endine t\u00fcdruks\u00f5ber Moonika, keda mees pole pool aastat n\u00e4inudki, on just lapse s\u00fcnnitanud. T\u00fcdruku. Naine ise pole emaduseks valmis ja kui mees last endale ei taha, l\u00e4heb t\u00fcdrukuke lapsendamisele. V\u00f5ta v\u00f5i j\u00e4ta!<\/p>\n<p>&#8220;V\u00f5ta v\u00f5i j\u00e4ta&#8221; on lugu Eriku pikast, keerulisest ja kohati koomilisest isaks kasvamise teekonnast. Lugu, mille k\u00e4igus tavalisest eesti mehest saab igap\u00e4evaelu kangelane, Superman, kes on oma isaduse eest valmis k\u00fc\u00fcnte ja hammastega v\u00f5itlema. Mis teeb isast isa?<\/p>\n<p>Film valmis Eesti Vabariigi 100. s\u00fcnnip\u00e4evaks.<\/p>\n<div>Lavastaja:\u00a0<a href=\"https:\/\/www.forumcinemas.ee\/search\/?query=Liina+Trishkina-Vanhatalo\">Liina Trishkina-Vanhatalo<\/a><\/div>\n<div>Osat\u00e4itjad:\u00a0<a href=\"https:\/\/www.forumcinemas.ee\/search\/?query=Reimo+Sagor\">Reimo Sagor<\/a>,\u00a0<a href=\"https:\/\/www.forumcinemas.ee\/search\/?query=Nora+Altrov\">Nora Altrov<\/a>,\u00a0<a href=\"https:\/\/www.forumcinemas.ee\/search\/?query=Emily+Viikman\">Emily Viikman<\/a>,\u00a0<a href=\"https:\/\/www.forumcinemas.ee\/search\/?query=Liis+Lass\">Liis Lass<\/a>,\u00a0<a href=\"https:\/\/www.forumcinemas.ee\/search\/?query=Egon+Nuter\">Egon Nuter<\/a>,\u00a0<a href=\"https:\/\/www.forumcinemas.ee\/search\/?query=Mait+Malmsten\">Mait Malmsten<\/a><\/div>\n<div><\/div>\n<div>\u017danr: Draama<\/div>\n<div><\/div>\n<div>\n<div>\n<div>\n<div>\n<div>Alla 12 a. mittesoovitatav<\/div>\n<\/div>\n<\/div>\n<\/div>\n<div><\/div>\n<\/div>\n<div><\/div>\n<div>\n<div>Kinodes alates:\u00a0<b>14.09.2018<\/b><\/div>\n<div>Filmi pikkus:\u00a0<b>1h 42 min<\/b><\/div>\n<\/div>\n<div><\/div>\n<div>Pilet 5.-\/\u00f5pilane, pension\u00e4r 4.-<\/div>\n<div><\/div>\n<div><\/div>\n","protected":false},"excerpt":{"rendered":"<p>Mida teeksid sina, kui \u00fchel p\u00e4eval pannakse su k\u00e4tele vasts\u00fcndinud laps ja \u00f6eldakse: v\u00f5ta v\u00f5i j\u00e4ta! \u00dchel unisel laup\u00e4evahommikul saab 30-aastane ehitaja Erik jalustrabava uudise: endine t\u00fcdruks\u00f5ber Moonika, keda mees pole pool aastat n\u00e4inudki, on just lapse s\u00fcnnitanud. T\u00fcdruku. Naine ise pole emaduseks valmis ja kui mees last endale ei taha, l\u00e4heb t\u00fcdrukuke lapsendamisele. V\u00f5ta [&hellip;]<\/p>\n","protected":false},"author":4,"featured_media":0,"comment_status":"closed","ping_status":"closed","sticky":false,"template":"","format":"standard","meta":[],"categories":[6],"tags":[],"_links":{"self":[{"href":"http:\/\/Abjakultuurimaja.ee\/uus\/wp-json\/wp\/v2\/posts\/3937"}],"collection":[{"href":"http:\/\/Abjakultuurimaja.ee\/uus\/wp-json\/wp\/v2\/posts"}],"about":[{"href":"http:\/\/Abjakultuurimaja.ee\/uus\/wp-json\/wp\/v2\/types\/post"}],"author":[{"embeddable":true,"href":"http:\/\/Abjakultuurimaja.ee\/uus\/wp-json\/wp\/v2\/users\/4"}],"replies":[{"embeddable":true,"href":"http:\/\/Abjakultuurimaja.ee\/uus\/wp-json\/wp\/v2\/comments?post=3937"}],"version-history":[{"count":1,"href":"http:\/\/Abjakultuurimaja.ee\/uus\/wp-json\/wp\/v2\/posts\/3937\/revisions"}],"predecessor-version":[{"id":3938,"href":"http:\/\/Abjakultuurimaja.ee\/uus\/wp-json\/wp\/v2\/posts\/3937\/revisions\/3938"}],"wp:attachment":[{"href":"http:\/\/Abjakultuurimaja.ee\/uus\/wp-json\/wp\/v2\/media?parent=3937"}],"wp:term":[{"taxonomy":"category","embeddable":true,"href":"http:\/\/Abjakultuurimaja.ee\/uus\/wp-json\/wp\/v2\/categories?post=3937"},{"taxonomy":"post_tag","embeddable":true,"href":"http:\/\/Abjakultuurimaja.ee\/uus\/wp-json\/wp\/v2\/tags?post=3937"}],"curies":[{"name":"wp","href":"https:\/\/api.w.org\/{rel}","templated":true}]}}