{"id":2453,"date":"2016-02-29T16:58:40","date_gmt":"2016-02-29T13:58:40","guid":{"rendered":"http:\/\/Abjakultuurimaja.ee\/uus\/?p=2453"},"modified":"2016-02-29T17:00:27","modified_gmt":"2016-02-29T14:00:27","slug":"2-martsil-kell-19-15-joogaohtu","status":"publish","type":"post","link":"http:\/\/Abjakultuurimaja.ee\/uus\/2-martsil-kell-19-15-joogaohtu\/","title":{"rendered":"2. m\u00e4rtsil kell 19.15 jooga\u00f5htu"},"content":{"rendered":"<p>Abja Kultuurimaja v\u00e4ikeses saalis.<\/p>\n<p><a href=\"http:\/\/abjakultuurimaja.ee\/uus\/wp-content\/uploads\/2016\/02\/jooga.jpg\"><img decoding=\"async\" loading=\"lazy\" class=\"alignnone size-medium wp-image-2454\" src=\"http:\/\/abjakultuurimaja.ee\/uus\/wp-content\/uploads\/2016\/02\/jooga-300x209.jpg\" alt=\"jooga\" width=\"300\" height=\"209\" srcset=\"http:\/\/abjakultuurimaja.ee\/uus\/wp-content\/uploads\/2016\/02\/jooga-300x209.jpg 300w, http:\/\/abjakultuurimaja.ee\/uus\/wp-content\/uploads\/2016\/02\/jooga-1024x714.jpg 1024w, http:\/\/abjakultuurimaja.ee\/uus\/wp-content\/uploads\/2016\/02\/jooga.jpg 1087w\" sizes=\"(max-width: 300px) 100vw, 300px\" \/><\/a><\/p>\n<p>Treenime \u00f5ppevideo j\u00e4rgi\u00a0vabatahtlik Iva abil.<\/p>\n<p>Vaipkate on maas, mati olemasolu pole vajalik.<\/p>\n","protected":false},"excerpt":{"rendered":"<p>Abja Kultuurimaja v\u00e4ikeses saalis. Treenime \u00f5ppevideo j\u00e4rgi\u00a0vabatahtlik Iva abil. Vaipkate on maas, mati olemasolu pole vajalik.<\/p>\n","protected":false},"author":1,"featured_media":0,"comment_status":"closed","ping_status":"closed","sticky":false,"template":"","format":"standard","meta":[],"categories":[6,5],"tags":[],"_links":{"self":[{"href":"http:\/\/Abjakultuurimaja.ee\/uus\/wp-json\/wp\/v2\/posts\/2453"}],"collection":[{"href":"http:\/\/Abjakultuurimaja.ee\/uus\/wp-json\/wp\/v2\/posts"}],"about":[{"href":"http:\/\/Abjakultuurimaja.ee\/uus\/wp-json\/wp\/v2\/types\/post"}],"author":[{"embeddable":true,"href":"http:\/\/Abjakultuurimaja.ee\/uus\/wp-json\/wp\/v2\/users\/1"}],"replies":[{"embeddable":true,"href":"http:\/\/Abjakultuurimaja.ee\/uus\/wp-json\/wp\/v2\/comments?post=2453"}],"version-history":[{"count":1,"href":"http:\/\/Abjakultuurimaja.ee\/uus\/wp-json\/wp\/v2\/posts\/2453\/revisions"}],"predecessor-version":[{"id":2455,"href":"http:\/\/Abjakultuurimaja.ee\/uus\/wp-json\/wp\/v2\/posts\/2453\/revisions\/2455"}],"wp:attachment":[{"href":"http:\/\/Abjakultuurimaja.ee\/uus\/wp-json\/wp\/v2\/media?parent=2453"}],"wp:term":[{"taxonomy":"category","embeddable":true,"href":"http:\/\/Abjakultuurimaja.ee\/uus\/wp-json\/wp\/v2\/categories?post=2453"},{"taxonomy":"post_tag","embeddable":true,"href":"http:\/\/Abjakultuurimaja.ee\/uus\/wp-json\/wp\/v2\/tags?post=2453"}],"curies":[{"name":"wp","href":"https:\/\/api.w.org\/{rel}","templated":true}]}}