{"id":223,"date":"2014-10-07T21:31:59","date_gmt":"2014-10-07T18:31:59","guid":{"rendered":"http:\/\/abjakultuurimaja.ee\/uus\/?p=223"},"modified":"2014-10-07T21:32:51","modified_gmt":"2014-10-07T18:32:51","slug":"talu-ja-kasitoolaat","status":"publish","type":"post","link":"http:\/\/Abjakultuurimaja.ee\/uus\/talu-ja-kasitoolaat\/","title":{"rendered":"Talu- ja k\u00e4sit\u00f6\u00f6laat"},"content":{"rendered":"<p>15. novembril toimuvale talu- ja k\u00e4sit\u00f6\u00f6laadale ootame kauplema talunikke, v\u00e4ikeettev\u00f5tjaid, k\u00e4sit\u00f6\u00f6meistreid. Info lahkesti levitamiseks.<\/p>\n<p><a href=\"http:\/\/abjakultuurimaja.ee\/uus\/wp-content\/uploads\/2014\/10\/10708568_362903523872551_8887750813256116854_o.jpg\"><img decoding=\"async\" loading=\"lazy\" class=\"aligncenter wp-image-224 size-large\" src=\"http:\/\/abjakultuurimaja.ee\/uus\/wp-content\/uploads\/2014\/10\/10708568_362903523872551_8887750813256116854_o-1024x768.jpg\" alt=\"10708568_362903523872551_8887750813256116854_o\" width=\"474\" height=\"355\" srcset=\"http:\/\/abjakultuurimaja.ee\/uus\/wp-content\/uploads\/2014\/10\/10708568_362903523872551_8887750813256116854_o-1024x768.jpg 1024w, http:\/\/abjakultuurimaja.ee\/uus\/wp-content\/uploads\/2014\/10\/10708568_362903523872551_8887750813256116854_o-300x225.jpg 300w, http:\/\/abjakultuurimaja.ee\/uus\/wp-content\/uploads\/2014\/10\/10708568_362903523872551_8887750813256116854_o.jpg 2048w\" sizes=\"(max-width: 474px) 100vw, 474px\" \/><\/a><\/p>\n","protected":false},"excerpt":{"rendered":"<p>15. novembril toimuvale talu- ja k\u00e4sit\u00f6\u00f6laadale ootame kauplema talunikke, v\u00e4ikeettev\u00f5tjaid, k\u00e4sit\u00f6\u00f6meistreid. Info lahkesti levitamiseks.<\/p>\n","protected":false},"author":1,"featured_media":0,"comment_status":"closed","ping_status":"closed","sticky":false,"template":"","format":"standard","meta":[],"categories":[6],"tags":[],"_links":{"self":[{"href":"http:\/\/Abjakultuurimaja.ee\/uus\/wp-json\/wp\/v2\/posts\/223"}],"collection":[{"href":"http:\/\/Abjakultuurimaja.ee\/uus\/wp-json\/wp\/v2\/posts"}],"about":[{"href":"http:\/\/Abjakultuurimaja.ee\/uus\/wp-json\/wp\/v2\/types\/post"}],"author":[{"embeddable":true,"href":"http:\/\/Abjakultuurimaja.ee\/uus\/wp-json\/wp\/v2\/users\/1"}],"replies":[{"embeddable":true,"href":"http:\/\/Abjakultuurimaja.ee\/uus\/wp-json\/wp\/v2\/comments?post=223"}],"version-history":[{"count":2,"href":"http:\/\/Abjakultuurimaja.ee\/uus\/wp-json\/wp\/v2\/posts\/223\/revisions"}],"predecessor-version":[{"id":226,"href":"http:\/\/Abjakultuurimaja.ee\/uus\/wp-json\/wp\/v2\/posts\/223\/revisions\/226"}],"wp:attachment":[{"href":"http:\/\/Abjakultuurimaja.ee\/uus\/wp-json\/wp\/v2\/media?parent=223"}],"wp:term":[{"taxonomy":"category","embeddable":true,"href":"http:\/\/Abjakultuurimaja.ee\/uus\/wp-json\/wp\/v2\/categories?post=223"},{"taxonomy":"post_tag","embeddable":true,"href":"http:\/\/Abjakultuurimaja.ee\/uus\/wp-json\/wp\/v2\/tags?post=223"}],"curies":[{"name":"wp","href":"https:\/\/api.w.org\/{rel}","templated":true}]}}