{"id":2192,"date":"2016-02-25T13:50:46","date_gmt":"2016-02-25T10:50:46","guid":{"rendered":"http:\/\/Abjakultuurimaja.ee\/uus\/?p=2192"},"modified":"2016-02-25T13:50:46","modified_gmt":"2016-02-25T10:50:46","slug":"tanusonad","status":"publish","type":"post","link":"http:\/\/Abjakultuurimaja.ee\/uus\/tanusonad\/","title":{"rendered":"T\u00e4nus\u00f5nad"},"content":{"rendered":"<div class=\"\" data-block=\"true\" data-offset-key=\"acf74-0-0\">\n<div class=\"_1mf _1mj\" data-offset-key=\"acf74-0-0\"><span data-offset-key=\"acf74-0-0\"><span data-text=\"true\">Abja Kultuurimaja t\u00e4nab k\u00f5iki, kes ulatasid toetava k\u00e4e Eesti Vabariigi 98. aastap\u00e4eva v\u00e4\u00e4rikale t\u00e4histamisele: <\/span><\/span><\/div>\n<\/div>\n<div class=\"\" data-block=\"true\" data-offset-key=\"4bikm-0-0\">\n<div class=\"_1mf _1mj\" data-offset-key=\"4bikm-0-0\"><span data-offset-key=\"4bikm-0-0\"><span data-text=\"true\">Abja Vallavalitsus ja Vallavolikogu<\/span><\/span><\/div>\n<\/div>\n<div class=\"\" data-block=\"true\" data-offset-key=\"ffdll-0-0\">\n<div class=\"_1mf _1mj\" data-offset-key=\"ffdll-0-0\"><span data-offset-key=\"ffdll-0-0\"><span data-text=\"true\">Abja G\u00fcmnaasium ja Kadi Kask<\/span><\/span><\/div>\n<\/div>\n<div class=\"\" data-block=\"true\" data-offset-key=\"e5298-0-0\">\n<div class=\"_1mf _1mj\" data-offset-key=\"e5298-0-0\"><span data-offset-key=\"e5298-0-0\"><span data-text=\"true\">Abja Muusikakool<\/span><\/span><\/div>\n<\/div>\n<div class=\"\" data-block=\"true\" data-offset-key=\"7k2f1-0-0\">\n<div class=\"_1mf _1mj\" data-offset-key=\"7k2f1-0-0\"><span data-offset-key=\"7k2f1-0-0\"><span data-text=\"true\">Abja Lasteaed<\/span><\/span><\/div>\n<\/div>\n<div class=\"\" data-block=\"true\" data-offset-key=\"9egt3-0-0\">\n<div class=\"_1mf _1mj\" data-offset-key=\"9egt3-0-0\"><span data-offset-key=\"9egt3-0-0\"><span data-text=\"true\">Vokaalansambel VOX<\/span><\/span><\/div>\n<\/div>\n<div class=\"\" data-block=\"true\" data-offset-key=\"2mrvn-0-0\">\n<div class=\"_1mf _1mj\" data-offset-key=\"2mrvn-0-0\"><span data-offset-key=\"2mrvn-0-0\"><span data-text=\"true\">Abja naiskoor \u00d5be\u00e4idsme<\/span><\/span><\/div>\n<\/div>\n<div class=\"\" data-block=\"true\" data-offset-key=\"ffvk6-0-0\">\n<div class=\"_1mf _1mj\" data-offset-key=\"ffvk6-0-0\"><span data-offset-key=\"ffvk6-0-0\"><span data-text=\"true\">Popsi k\u00f6\u00f6k<\/span><\/span><\/div>\n<\/div>\n<div class=\"\" data-block=\"true\" data-offset-key=\"cahm6-0-0\">\n<div class=\"_1mf _1mj\" data-offset-key=\"cahm6-0-0\"><span data-offset-key=\"cahm6-0-0\"><span data-text=\"true\">Keijo Koort<\/span><\/span><\/div>\n<\/div>\n<div class=\"\" data-block=\"true\" data-offset-key=\"9rca0-0-0\">\n<div class=\"_1mf _1mj\" data-offset-key=\"9rca0-0-0\"><span data-offset-key=\"9rca0-0-0\"><span data-text=\"true\">Laine Lindvest <\/span><\/span><\/div>\n<\/div>\n<div class=\"\" data-block=\"true\" data-offset-key=\"86sag-0-0\">\n<div class=\"_1mf _1mj\" data-offset-key=\"86sag-0-0\"><span data-offset-key=\"86sag-0-0\"><span data-text=\"true\">Iva \u017d\u016frkov\u00e1 <\/span><\/span><\/div>\n<\/div>\n<div class=\"\" data-block=\"true\" data-offset-key=\"65mjl-0-0\">\n<div class=\"_1mf _1mj\" data-offset-key=\"65mjl-0-0\"><span data-offset-key=\"65mjl-0-0\"><span data-text=\"true\">Valentina Graziuso <\/span><\/span><\/div>\n<\/div>\n<div class=\"\" data-block=\"true\" data-offset-key=\"eeh16-0-0\">\n<div class=\"_1mf _1mj\" data-offset-key=\"eeh16-0-0\"><span data-offset-key=\"eeh16-0-0\"><a href=\"http:\/\/abjakultuurimaja.ee\/uus\/wp-content\/uploads\/2016\/02\/IMG_0227.jpg\"><img decoding=\"async\" loading=\"lazy\" class=\"alignnone size-full wp-image-2193\" src=\"http:\/\/abjakultuurimaja.ee\/uus\/wp-content\/uploads\/2016\/02\/IMG_0227.jpg\" alt=\"IMG_0227\" width=\"190\" height=\"134\" \/><\/a><\/span><\/div>\n<\/div>\n<div class=\"\" data-block=\"true\" data-offset-key=\"c3v53-0-0\">\n<div class=\"_1mf _1mj\" data-offset-key=\"c3v53-0-0\"><span data-offset-key=\"c3v53-0-0\"><span data-text=\"true\">Elagu Eesti!<\/span><\/span><\/div>\n<\/div>\n<div class=\"\" data-block=\"true\" data-offset-key=\"bp89g-0-0\"><\/div>\n<div class=\"\" data-block=\"true\" data-offset-key=\"bp89g-0-0\"><\/div>\n","protected":false},"excerpt":{"rendered":"<p>Abja Kultuurimaja t\u00e4nab k\u00f5iki, kes ulatasid toetava k\u00e4e Eesti Vabariigi 98. aastap\u00e4eva v\u00e4\u00e4rikale t\u00e4histamisele: Abja Vallavalitsus ja Vallavolikogu Abja G\u00fcmnaasium ja Kadi Kask Abja Muusikakool Abja Lasteaed Vokaalansambel VOX Abja naiskoor \u00d5be\u00e4idsme Popsi k\u00f6\u00f6k Keijo Koort Laine Lindvest Iva \u017d\u016frkov\u00e1 Valentina Graziuso Elagu Eesti!<\/p>\n","protected":false},"author":1,"featured_media":0,"comment_status":"closed","ping_status":"closed","sticky":false,"template":"","format":"standard","meta":[],"categories":[6],"tags":[],"_links":{"self":[{"href":"http:\/\/Abjakultuurimaja.ee\/uus\/wp-json\/wp\/v2\/posts\/2192"}],"collection":[{"href":"http:\/\/Abjakultuurimaja.ee\/uus\/wp-json\/wp\/v2\/posts"}],"about":[{"href":"http:\/\/Abjakultuurimaja.ee\/uus\/wp-json\/wp\/v2\/types\/post"}],"author":[{"embeddable":true,"href":"http:\/\/Abjakultuurimaja.ee\/uus\/wp-json\/wp\/v2\/users\/1"}],"replies":[{"embeddable":true,"href":"http:\/\/Abjakultuurimaja.ee\/uus\/wp-json\/wp\/v2\/comments?post=2192"}],"version-history":[{"count":1,"href":"http:\/\/Abjakultuurimaja.ee\/uus\/wp-json\/wp\/v2\/posts\/2192\/revisions"}],"predecessor-version":[{"id":2194,"href":"http:\/\/Abjakultuurimaja.ee\/uus\/wp-json\/wp\/v2\/posts\/2192\/revisions\/2194"}],"wp:attachment":[{"href":"http:\/\/Abjakultuurimaja.ee\/uus\/wp-json\/wp\/v2\/media?parent=2192"}],"wp:term":[{"taxonomy":"category","embeddable":true,"href":"http:\/\/Abjakultuurimaja.ee\/uus\/wp-json\/wp\/v2\/categories?post=2192"},{"taxonomy":"post_tag","embeddable":true,"href":"http:\/\/Abjakultuurimaja.ee\/uus\/wp-json\/wp\/v2\/tags?post=2192"}],"curies":[{"name":"wp","href":"https:\/\/api.w.org\/{rel}","templated":true}]}}