{"id":2165,"date":"2016-02-11T13:55:31","date_gmt":"2016-02-11T10:55:31","guid":{"rendered":"http:\/\/Abjakultuurimaja.ee\/uus\/?p=2165"},"modified":"2016-02-11T14:00:25","modified_gmt":"2016-02-11T11:00:25","slug":"kinoohtu-18-veebruaril-19-00-noorus","status":"publish","type":"post","link":"http:\/\/Abjakultuurimaja.ee\/uus\/kinoohtu-18-veebruaril-19-00-noorus\/","title":{"rendered":"Kino\u00f5htu 18.veebruaril 19.00 &#8211; &#8220;Noorus&#8221;"},"content":{"rendered":"<p>Piletid 3\u20ac\/\u00f5pilasele 2\u20ac<\/p>\n<p>Vanad s\u00f5brad Fred ja Mick on Alpide jalamil asuvas kuurordis puhkusel. Helilooja ja dirigent Fred on pensionil, kuid sama vana Mick p\u00fc\u00fcab j\u00e4tkata oma re\u017eiss\u00f6\u00f6rit\u00f6\u00f6d. Vananevad mehed j\u00e4lgivad oma laste eluheitlusi, Micki entusiastlikke noori kolleege ja teisi hotellik\u00fclalisi.<\/p>\n<p><a href=\"http:\/\/abjakultuurimaja.ee\/uus\/wp-content\/uploads\/2016\/02\/AOneFilms_Youth_Poster_EST_2-2.jpg\"><img decoding=\"async\" loading=\"lazy\" class=\"alignnone size-medium wp-image-2166\" src=\"http:\/\/abjakultuurimaja.ee\/uus\/wp-content\/uploads\/2016\/02\/AOneFilms_Youth_Poster_EST_2-2-221x300.jpg\" alt=\"AOneFilms_Youth_Poster_EST_2 (2)\" width=\"221\" height=\"300\" srcset=\"http:\/\/abjakultuurimaja.ee\/uus\/wp-content\/uploads\/2016\/02\/AOneFilms_Youth_Poster_EST_2-2-221x300.jpg 221w, http:\/\/abjakultuurimaja.ee\/uus\/wp-content\/uploads\/2016\/02\/AOneFilms_Youth_Poster_EST_2-2.jpg 680w\" sizes=\"(max-width: 221px) 100vw, 221px\" \/><\/a><\/p>\n<p><!--more-->Pikkade vestluste k\u00e4igus p\u00fc\u00fctakse selgeks saada, kas ja millal on m\u00f5tet vanadusega leppida ja noortel eest \u00e4ra astuda, v\u00f5i on ka neil oma loominguga maailmale ja iseendile midagi pakkuda.<br \/>\nFilm pakub lummavaid visuaalseid kaadreid \u0160veitsi m\u00e4gedest. V\u00e4ga olulisel kohal filmis on muusika.<br \/>\nItaalia \/ Prantsusmaa \/ \u0160veits \/ Suurbritannia 2015<br \/>\nKestvus 1:58<br \/>\nRe\u017eiss\u00f6\u00f6r: Paolo Sorrentino<br \/>\nOsades: Michael Caine, Harvey Keitel, Rachel Weicz, Jane Fonda<\/p>\n<p>&nbsp;<\/p>\n","protected":false},"excerpt":{"rendered":"<p>Piletid 3\u20ac\/\u00f5pilasele 2\u20ac Vanad s\u00f5brad Fred ja Mick on Alpide jalamil asuvas kuurordis puhkusel. Helilooja ja dirigent Fred on pensionil, kuid sama vana Mick p\u00fc\u00fcab j\u00e4tkata oma re\u017eiss\u00f6\u00f6rit\u00f6\u00f6d. Vananevad mehed j\u00e4lgivad oma laste eluheitlusi, Micki entusiastlikke noori kolleege ja teisi hotellik\u00fclalisi.<\/p>\n","protected":false},"author":1,"featured_media":0,"comment_status":"closed","ping_status":"closed","sticky":false,"template":"","format":"standard","meta":[],"categories":[6,5],"tags":[],"_links":{"self":[{"href":"http:\/\/Abjakultuurimaja.ee\/uus\/wp-json\/wp\/v2\/posts\/2165"}],"collection":[{"href":"http:\/\/Abjakultuurimaja.ee\/uus\/wp-json\/wp\/v2\/posts"}],"about":[{"href":"http:\/\/Abjakultuurimaja.ee\/uus\/wp-json\/wp\/v2\/types\/post"}],"author":[{"embeddable":true,"href":"http:\/\/Abjakultuurimaja.ee\/uus\/wp-json\/wp\/v2\/users\/1"}],"replies":[{"embeddable":true,"href":"http:\/\/Abjakultuurimaja.ee\/uus\/wp-json\/wp\/v2\/comments?post=2165"}],"version-history":[{"count":4,"href":"http:\/\/Abjakultuurimaja.ee\/uus\/wp-json\/wp\/v2\/posts\/2165\/revisions"}],"predecessor-version":[{"id":2172,"href":"http:\/\/Abjakultuurimaja.ee\/uus\/wp-json\/wp\/v2\/posts\/2165\/revisions\/2172"}],"wp:attachment":[{"href":"http:\/\/Abjakultuurimaja.ee\/uus\/wp-json\/wp\/v2\/media?parent=2165"}],"wp:term":[{"taxonomy":"category","embeddable":true,"href":"http:\/\/Abjakultuurimaja.ee\/uus\/wp-json\/wp\/v2\/categories?post=2165"},{"taxonomy":"post_tag","embeddable":true,"href":"http:\/\/Abjakultuurimaja.ee\/uus\/wp-json\/wp\/v2\/tags?post=2165"}],"curies":[{"name":"wp","href":"https:\/\/api.w.org\/{rel}","templated":true}]}}