{"id":2119,"date":"2016-01-04T09:05:41","date_gmt":"2016-01-04T06:05:41","guid":{"rendered":"http:\/\/Abjakultuurimaja.ee\/uus\/?p=2119"},"modified":"2016-01-13T14:01:00","modified_gmt":"2016-01-13T11:01:00","slug":"nunnuklubi-abja-kultuurimjaas-kolmapaeviti-kell-11-00","status":"publish","type":"post","link":"http:\/\/Abjakultuurimaja.ee\/uus\/nunnuklubi-abja-kultuurimjaas-kolmapaeviti-kell-11-00\/","title":{"rendered":"Nunnuklubi Abja Kultuurimajas kolmap\u00e4eviti kell 11.00"},"content":{"rendered":"<p>Ootame kuni 3-aastaseid \u00a0lapsi koos vanemaga Abja Kultuurimaja v\u00e4ikesesse saali laulma-m\u00e4ngima. Meil on m\u00f5nusalt soe ja valge. Vahetusjalan\u00f5usid pole vaja, sest vaip on p\u00f5randal.<\/p>\n<p><a href=\"http:\/\/abjakultuurimaja.ee\/uus\/wp-content\/uploads\/2016\/01\/nunnuklubi_v2ike.jpg\"><img decoding=\"async\" loading=\"lazy\" class=\"alignnone size-medium wp-image-2120\" src=\"http:\/\/abjakultuurimaja.ee\/uus\/wp-content\/uploads\/2016\/01\/nunnuklubi_v2ike-300x212.jpg\" alt=\"nunnuklubi_v2ike\" width=\"300\" height=\"212\" srcset=\"http:\/\/abjakultuurimaja.ee\/uus\/wp-content\/uploads\/2016\/01\/nunnuklubi_v2ike-300x212.jpg 300w, http:\/\/abjakultuurimaja.ee\/uus\/wp-content\/uploads\/2016\/01\/nunnuklubi_v2ike.jpg 842w\" sizes=\"(max-width: 300px) 100vw, 300px\" \/><\/a><\/p>\n","protected":false},"excerpt":{"rendered":"<p>Ootame kuni 3-aastaseid \u00a0lapsi koos vanemaga Abja Kultuurimaja v\u00e4ikesesse saali laulma-m\u00e4ngima. Meil on m\u00f5nusalt soe ja valge. Vahetusjalan\u00f5usid pole vaja, sest vaip on p\u00f5randal.<\/p>\n","protected":false},"author":1,"featured_media":0,"comment_status":"closed","ping_status":"closed","sticky":false,"template":"","format":"standard","meta":[],"categories":[6],"tags":[],"_links":{"self":[{"href":"http:\/\/Abjakultuurimaja.ee\/uus\/wp-json\/wp\/v2\/posts\/2119"}],"collection":[{"href":"http:\/\/Abjakultuurimaja.ee\/uus\/wp-json\/wp\/v2\/posts"}],"about":[{"href":"http:\/\/Abjakultuurimaja.ee\/uus\/wp-json\/wp\/v2\/types\/post"}],"author":[{"embeddable":true,"href":"http:\/\/Abjakultuurimaja.ee\/uus\/wp-json\/wp\/v2\/users\/1"}],"replies":[{"embeddable":true,"href":"http:\/\/Abjakultuurimaja.ee\/uus\/wp-json\/wp\/v2\/comments?post=2119"}],"version-history":[{"count":4,"href":"http:\/\/Abjakultuurimaja.ee\/uus\/wp-json\/wp\/v2\/posts\/2119\/revisions"}],"predecessor-version":[{"id":2127,"href":"http:\/\/Abjakultuurimaja.ee\/uus\/wp-json\/wp\/v2\/posts\/2119\/revisions\/2127"}],"wp:attachment":[{"href":"http:\/\/Abjakultuurimaja.ee\/uus\/wp-json\/wp\/v2\/media?parent=2119"}],"wp:term":[{"taxonomy":"category","embeddable":true,"href":"http:\/\/Abjakultuurimaja.ee\/uus\/wp-json\/wp\/v2\/categories?post=2119"},{"taxonomy":"post_tag","embeddable":true,"href":"http:\/\/Abjakultuurimaja.ee\/uus\/wp-json\/wp\/v2\/tags?post=2119"}],"curies":[{"name":"wp","href":"https:\/\/api.w.org\/{rel}","templated":true}]}}