{"id":2103,"date":"2016-01-04T09:03:37","date_gmt":"2016-01-04T06:03:37","guid":{"rendered":"http:\/\/Abjakultuurimaja.ee\/uus\/?p=2103"},"modified":"2016-01-19T15:40:17","modified_gmt":"2016-01-19T12:40:17","slug":"tuliuus-mangufilm-ema-abja-kultuurimajas-11-01-kell-19-00","status":"publish","type":"post","link":"http:\/\/Abjakultuurimaja.ee\/uus\/tuliuus-mangufilm-ema-abja-kultuurimajas-11-01-kell-19-00\/","title":{"rendered":"Tuliuus m\u00e4ngufilm &#8220;Ema&#8221; Abja Kultuurimajas 11.01 kell 19.00"},"content":{"rendered":"<p>Kaasaegse retro pastelsetes toonides v\u00e4ikelinna krimilugu pakub \u00e4ratundmist ja m\u00f5rkjat huumorit.<\/p>\n<p><a href=\"http:\/\/abjakultuurimaja.ee\/uus\/wp-content\/uploads\/2015\/11\/EMA.jpg\"><img decoding=\"async\" loading=\"lazy\" class=\"alignnone size-medium wp-image-2052\" src=\"http:\/\/abjakultuurimaja.ee\/uus\/wp-content\/uploads\/2015\/11\/EMA-212x300.jpg\" alt=\"EMA\" width=\"212\" height=\"300\" srcset=\"http:\/\/abjakultuurimaja.ee\/uus\/wp-content\/uploads\/2015\/11\/EMA-212x300.jpg 212w, http:\/\/abjakultuurimaja.ee\/uus\/wp-content\/uploads\/2015\/11\/EMA.jpg 566w\" sizes=\"(max-width: 212px) 100vw, 212px\" \/><\/a><\/p>\n<p><!--more--><\/p>\n<p>\u201cEma\u201d on p\u00f5nevikuline lugu unistuste p\u00fc\u00fcdmiseks tehtud tormakatest otsustest, mille tagaj\u00e4rjed j\u00e4\u00e4vad unistajaid end veel t\u00fckiks ajaks meelde tuletama.<\/p>\n<p>Filmi keskmes on tulistamise tagaj\u00e4rjel koomasse langenud t\u00e4iskasvanud poja eest hoolitsev naine, kes seisab silmitsi terve v\u00e4ikelinnat\u00e4ie inimestega, kes \u00fcritavad tema pojaga juhtunu m\u00f5istatust lahendada.<\/p>\n<p>Aga \u00fches Eesti v\u00e4ikelinnas, kus k\u00f5ik teavad k\u00f5iki ja k\u00f5ike, v\u00e4lja arvatud seda, mis toimub neil otse nina all, v\u00f5ib ka maailma k\u00f5ige kohmakam kuritegu j\u00e4\u00e4da lahendamata.<\/p>\n<p>Filmi\u00a0peaosas m\u00e4ngib sarmikas Rakvere teatri n\u00e4itlejanna\u00a0Tiina M\u00e4lberg. Teistes peaosades n\u00e4eme mitmeid v\u00e4rvikaid Eesti n\u00e4itlejaid nagu\u00a0Andres Tabun, Andres Noormets, Siim Maaten, Jaan Pehk, Jaak Prints, Rea Lest jt.<\/p>\n<p>Pilet 3\u20ac\/sooduspilet \u00f5pilasele 2\u20ac<\/p>\n<p>Film kestab 1h 25 min<\/p>\n<p>&nbsp;<\/p>\n","protected":false},"excerpt":{"rendered":"<p>Kaasaegse retro pastelsetes toonides v\u00e4ikelinna krimilugu pakub \u00e4ratundmist ja m\u00f5rkjat huumorit.<\/p>\n","protected":false},"author":1,"featured_media":0,"comment_status":"closed","ping_status":"closed","sticky":false,"template":"","format":"standard","meta":[],"categories":[6,5],"tags":[],"_links":{"self":[{"href":"http:\/\/Abjakultuurimaja.ee\/uus\/wp-json\/wp\/v2\/posts\/2103"}],"collection":[{"href":"http:\/\/Abjakultuurimaja.ee\/uus\/wp-json\/wp\/v2\/posts"}],"about":[{"href":"http:\/\/Abjakultuurimaja.ee\/uus\/wp-json\/wp\/v2\/types\/post"}],"author":[{"embeddable":true,"href":"http:\/\/Abjakultuurimaja.ee\/uus\/wp-json\/wp\/v2\/users\/1"}],"replies":[{"embeddable":true,"href":"http:\/\/Abjakultuurimaja.ee\/uus\/wp-json\/wp\/v2\/comments?post=2103"}],"version-history":[{"count":3,"href":"http:\/\/Abjakultuurimaja.ee\/uus\/wp-json\/wp\/v2\/posts\/2103\/revisions"}],"predecessor-version":[{"id":2117,"href":"http:\/\/Abjakultuurimaja.ee\/uus\/wp-json\/wp\/v2\/posts\/2103\/revisions\/2117"}],"wp:attachment":[{"href":"http:\/\/Abjakultuurimaja.ee\/uus\/wp-json\/wp\/v2\/media?parent=2103"}],"wp:term":[{"taxonomy":"category","embeddable":true,"href":"http:\/\/Abjakultuurimaja.ee\/uus\/wp-json\/wp\/v2\/categories?post=2103"},{"taxonomy":"post_tag","embeddable":true,"href":"http:\/\/Abjakultuurimaja.ee\/uus\/wp-json\/wp\/v2\/tags?post=2103"}],"curies":[{"name":"wp","href":"https:\/\/api.w.org\/{rel}","templated":true}]}}